{"id":3301,"date":"2024-05-20T08:34:00","date_gmt":"2024-05-20T07:34:00","guid":{"rendered":"https:\/\/fondettes-naurod.eu\/jumelage\/?p=3301"},"modified":"2024-06-28T07:58:09","modified_gmt":"2024-06-28T06:58:09","slug":"auf-wiedersehen-lieber-freund-au-revoir-cher-ami","status":"publish","type":"post","link":"https:\/\/fondettes-naurod.eu\/jumelage\/?p=3301","title":{"rendered":"Auf Wiedersehen, lieber Freund ! Au revoir, cher ami !"},"content":{"rendered":"\n<p>C\u2019est avec une grande tristesse que nous avons appris la disparition de Philippe Lacroix survenue ce dimanche 26 mai 2024.<\/p>\n\n\n\n<p>N\u00e9 en 1956 \u00e0 Richelieu, il y fit ses \u00e9tudes qu\u2019il compl\u00e9ta ensuite par une sp\u00e9cialisation au lyc\u00e9e agricole de Fondettes. &nbsp;Philippe Lacroix, Aviculteur renomm\u00e9 de Touraine, exploitant depuis 1983 de l\u2019\u00e9levage du Portail, avait su r\u00e9sister \u00e0 la crise de la fili\u00e8re avicole suite \u00e0 la grippe aviaire de 2005. Cet esprit vaillant et plein de courage, Philippe &nbsp;l\u2019a gard\u00e9 toute sa vie, avec le soutien ind\u00e9fectible de Guylaine, son \u00e9pouse, et celui de leur fils Vincent. Nous pensons tout particuli\u00e8rement \u00e0 eux aujourd\u2019hui&nbsp; et partageons leur&nbsp; immense chagrin.&nbsp; &nbsp;&nbsp;<\/p>\n\n\n\n<p>Souriant et g\u00e9n\u00e9reux, car homme aux riches et nobles valeurs humaines, Philippe Lacroix, en bon Tourangeau, aimait partager avec ses proches et ses amis, les bonnes choses de l\u2019existence. L\u2019\u0153il vif,&nbsp; la moustache fr\u00e9tillante, l\u2019esprit malicieux sous le b\u00e9ret ou le chapeau, Philippe \u00e9tait fier de ses racines qui chantent bon nos terroirs, nos paysages. Il savait aussi s\u2019ouvrir \u00e0 la diversit\u00e9 du monde. Nombreuses sont les anecdotes dont chacun se souvient.&nbsp; Qui d\u2019autre aurait pu arriver sur notre stand du march\u00e9 de No\u00ebl &#8211; et de si bon matin&nbsp;! &#8211; avec quelques douzaine d\u2019hu\u00eetres d\u00e9licieuses ?&nbsp;<\/p>\n\n\n\n<p>Tr\u00e8s impliqu\u00e9 dans la vie associative de Fondettes, membre actif du conseil d\u2019administration,&nbsp; fid\u00e8le au poste jusqu\u2019\u00e0 ces derni\u00e8res&nbsp; semaines, Philippe Lacroix s\u2019est investi sans compter au sein de notre jumelage depuis 2019. &nbsp;C\u2019\u00e9tait un r\u00e9el plaisir de travailler avec lui. Philippe \u00e9tait attentif et respectueux. Sa parole \u00e9tait pos\u00e9e, juste et constructive.&nbsp;&nbsp;<\/p>\n\n\n\n<p>&nbsp;Plein d\u2019entrain&nbsp; et de bonne humeur&nbsp; lors des \u00e9changes avec nos amis Naurodiens,&nbsp; Philippe &nbsp;a de nombreuses fois s\u00e9journ\u00e9 dans notre ville partenaire avec Guylaine, elle-m\u00eame germanophile.&nbsp; Pr\u00e9sent lors de la derni\u00e8re r\u00e9union des bureaux organis\u00e9e \u00e0 Naurod en octobre 2023,&nbsp; Philippe en avait assur\u00e9 le reportage photographique avant de poursuivre son p\u00e9riple outre-Rhin.<\/p>\n\n\n\n<p>Nombreux sommes-nous, Tourangeaux, Fondettois et Naurodiens, qui lui rendons&nbsp; hommage et qui lui garderons une place privil\u00e9gi\u00e9e dans nos c\u0153urs.&nbsp; &nbsp;<\/p>\n\n\n\n<p><strong>La c\u00e9r\u00e9monie aura lieu en l\u2019\u00e9glise Saint-Symphorien de Fondettes Jeudi 30 mai 2024 \u00e0 15h00<\/strong><\/p>\n\n\n\n<figure class=\"wp-block-image size-large\"><a href=\"https:\/\/fondettes-naurod.eu\/jumelage\/wp-content\/uploads\/2023\/12\/IMG-20231217-WA0000.jpg\"><img loading=\"lazy\" decoding=\"async\" width=\"576\" height=\"1024\" src=\"https:\/\/fondettes-naurod.eu\/jumelage\/wp-content\/uploads\/2023\/12\/IMG-20231217-WA0000-576x1024.jpg\" alt=\"\" class=\"wp-image-3182\" srcset=\"https:\/\/fondettes-naurod.eu\/jumelage\/wp-content\/uploads\/2023\/12\/IMG-20231217-WA0000-576x1024.jpg 576w, https:\/\/fondettes-naurod.eu\/jumelage\/wp-content\/uploads\/2023\/12\/IMG-20231217-WA0000-169x300.jpg 169w, https:\/\/fondettes-naurod.eu\/jumelage\/wp-content\/uploads\/2023\/12\/IMG-20231217-WA0000-768x1365.jpg 768w, https:\/\/fondettes-naurod.eu\/jumelage\/wp-content\/uploads\/2023\/12\/IMG-20231217-WA0000-864x1536.jpg 864w, https:\/\/fondettes-naurod.eu\/jumelage\/wp-content\/uploads\/2023\/12\/IMG-20231217-WA0000.jpg 900w\" sizes=\"auto, (max-width: 576px) 100vw, 576px\" \/><\/a><\/figure>\n\n\n\n<p>Avec ses amis v\u00e9t\u00e9tistes allemands<\/p>\n\n\n\n<figure class=\"wp-block-image size-large\"><a href=\"https:\/\/fondettes-naurod.eu\/jumelage\/wp-content\/uploads\/2024\/05\/IMG-20240529-WA0000.jpg\"><img loading=\"lazy\" decoding=\"async\" width=\"1024\" height=\"768\" src=\"https:\/\/fondettes-naurod.eu\/jumelage\/wp-content\/uploads\/2024\/05\/IMG-20240529-WA0000-1024x768.jpg\" alt=\"Avec ses amis v\u00e9t\u00e9tistes allemands\" class=\"wp-image-3308\" srcset=\"https:\/\/fondettes-naurod.eu\/jumelage\/wp-content\/uploads\/2024\/05\/IMG-20240529-WA0000-1024x768.jpg 1024w, https:\/\/fondettes-naurod.eu\/jumelage\/wp-content\/uploads\/2024\/05\/IMG-20240529-WA0000-300x225.jpg 300w, https:\/\/fondettes-naurod.eu\/jumelage\/wp-content\/uploads\/2024\/05\/IMG-20240529-WA0000-768x576.jpg 768w, https:\/\/fondettes-naurod.eu\/jumelage\/wp-content\/uploads\/2024\/05\/IMG-20240529-WA0000-1536x1152.jpg 1536w, https:\/\/fondettes-naurod.eu\/jumelage\/wp-content\/uploads\/2024\/05\/IMG-20240529-WA0000.jpg 1600w\" sizes=\"auto, (max-width: 1024px) 100vw, 1024px\" \/><\/a><\/figure>\n","protected":false},"excerpt":{"rendered":"<p>C\u2019est avec une grande tristesse que nous avons appris la disparition de Philippe Lacroix survenue &hellip; <\/p>\n","protected":false},"author":1,"featured_media":3304,"comment_status":"closed","ping_status":"closed","sticky":false,"template":"","format":"standard","meta":{"footnotes":""},"categories":[15],"tags":[],"class_list":["post-3301","post","type-post","status-publish","format-standard","has-post-thumbnail","hentry","category-article","latest_post"],"_links":{"self":[{"href":"https:\/\/fondettes-naurod.eu\/jumelage\/index.php?rest_route=\/wp\/v2\/posts\/3301","targetHints":{"allow":["GET"]}}],"collection":[{"href":"https:\/\/fondettes-naurod.eu\/jumelage\/index.php?rest_route=\/wp\/v2\/posts"}],"about":[{"href":"https:\/\/fondettes-naurod.eu\/jumelage\/index.php?rest_route=\/wp\/v2\/types\/post"}],"author":[{"embeddable":true,"href":"https:\/\/fondettes-naurod.eu\/jumelage\/index.php?rest_route=\/wp\/v2\/users\/1"}],"replies":[{"embeddable":true,"href":"https:\/\/fondettes-naurod.eu\/jumelage\/index.php?rest_route=%2Fwp%2Fv2%2Fcomments&post=3301"}],"version-history":[{"count":6,"href":"https:\/\/fondettes-naurod.eu\/jumelage\/index.php?rest_route=\/wp\/v2\/posts\/3301\/revisions"}],"predecessor-version":[{"id":3315,"href":"https:\/\/fondettes-naurod.eu\/jumelage\/index.php?rest_route=\/wp\/v2\/posts\/3301\/revisions\/3315"}],"wp:featuredmedia":[{"embeddable":true,"href":"https:\/\/fondettes-naurod.eu\/jumelage\/index.php?rest_route=\/wp\/v2\/media\/3304"}],"wp:attachment":[{"href":"https:\/\/fondettes-naurod.eu\/jumelage\/index.php?rest_route=%2Fwp%2Fv2%2Fmedia&parent=3301"}],"wp:term":[{"taxonomy":"category","embeddable":true,"href":"https:\/\/fondettes-naurod.eu\/jumelage\/index.php?rest_route=%2Fwp%2Fv2%2Fcategories&post=3301"},{"taxonomy":"post_tag","embeddable":true,"href":"https:\/\/fondettes-naurod.eu\/jumelage\/index.php?rest_route=%2Fwp%2Fv2%2Ftags&post=3301"}],"curies":[{"name":"wp","href":"https:\/\/api.w.org\/{rel}","templated":true}]}}